[{"@context":"https:\/\/schema.org\/","@type":"Article","@id":"https:\/\/www.framil.cz\/v-pasti-socialnich-siti\/#Article","mainEntityOfPage":"https:\/\/www.framil.cz\/v-pasti-socialnich-siti\/","headline":"V pasti soci\u00e1ln\u00edch s\u00edt\u00ed","name":"V pasti soci\u00e1ln\u00edch s\u00edt\u00ed","description":"Soci\u00e1ln\u00ed s\u00edt\u011b jsou dnes z\u00e1le\u017eitost\u00ed, kter\u00e1 se sv\u00fdm zp\u016fsobem dot\u00fdk\u00e1 opravdu velkou spoustu lid\u00ed, a to v ka\u017edodenn\u00edm \u017eivot\u011b. [&hellip;]","datePublished":"2022-02-12","dateModified":"2022-02-12","author":{"@type":"Person","@id":"https:\/\/www.framil.cz\/author\/#Person","name":"","url":"https:\/\/www.framil.cz\/author\/","identifier":1,"image":{"@type":"ImageObject","@id":"https:\/\/secure.gravatar.com\/avatar\/9d25b0af9840660883a67790aa4f595ddc226aa4680c4cf7bc03a25c14fcef85?s=96&d=mm&r=g","url":"https:\/\/secure.gravatar.com\/avatar\/9d25b0af9840660883a67790aa4f595ddc226aa4680c4cf7bc03a25c14fcef85?s=96&d=mm&r=g","height":96,"width":96}},"publisher":{"@type":"Organization","name":"framil.cz","logo":{"@type":"ImageObject","@id":"\/logo.png","url":"\/logo.png","width":600,"height":60}},"image":{"@type":"ImageObject","@id":"https:\/\/www.framil.cz\/wp-content\/uploads\/socialni_site_ikony_XL.jpg","url":"https:\/\/www.framil.cz\/wp-content\/uploads\/socialni_site_ikony_XL.jpg","height":0,"width":0},"url":"https:\/\/www.framil.cz\/v-pasti-socialnich-siti\/","about":["Online"],"wordCount":496,"articleBody":"Soci\u00e1ln\u00ed s\u00edt\u011b jsou dnes z\u00e1le\u017eitost\u00ed, kter\u00e1 se sv\u00fdm zp\u016fsobem dot\u00fdk\u00e1 opravdu velkou spoustu lid\u00ed, a to v ka\u017edodenn\u00edm \u017eivot\u011b. Ti, kte\u0159\u00ed soci\u00e1ln\u00ed s\u00edt\u011b pou\u017e\u00edvaj\u00ed, a\u0165 u\u017e se jedn\u00e1 o Instagram, Facebook nebo nap\u0159\u00edklad Twitter, zkr\u00e1tka ka\u017ed\u00fd pou\u017e\u00edv\u00e1 n\u011bco jin\u00e9ho. Nicm\u00e9n\u011b lid\u00e9, kte\u0159\u00ed tyto soci\u00e1ln\u00ed s\u00edt\u011b pou\u017e\u00edvaj\u00ed, by se mohli d\u011blit do r\u016fzn\u00fdch kategori\u00ed. Prvn\u00ed jsou u\u017eivatel\u00e9, kte\u0159\u00ed na tyto soci\u00e1ln\u00ed s\u00edt\u011b ani nepou\u017e\u00edvaj\u00ed denn\u011b, ale sp\u00ed\u0161 kdy\u017e si zrovna vzpomenou a cht\u011bj\u00ed p\u00e1r minut &#8222;probrouzdat&#8220; a pot\u00e9 zase nap\u0159\u00edklad p\u00e1r dn\u00ed je nijak v\u00fdrazn\u011b nezapnou. D\u00e1le jsou ti aktivn\u011bj\u0161\u00ed, \u0159ekn\u011bme klasi\u010dt\u00ed u\u017eivatel\u00e9, kte\u0159\u00ed n\u011bjak\u00fd \u010das denn\u011b na t\u011bchto s\u00edt\u00edch str\u00e1v\u00ed. Nicm\u00e9n\u011b d\u00e1le u\u017e jsou ty extr\u00e9mn\u011bj\u0161\u00ed p\u0159\u00edpady, kter\u00e9 nejsou bohu\u017eel nijak vz\u00e1cn\u00e9.Lid\u00ed, kte\u0159\u00ed tr\u00e1v\u00ed spoustu hodin denn\u011b na r\u016fzn\u00fdch soci\u00e1ln\u00edch s\u00edt\u00edch st\u00e1le p\u0159ib\u00fdv\u00e1, sta\u010d\u00ed se zeptat p\u00e1r lid\u00ed, jak\u00fd maj\u00ed pr\u016fm\u011brn\u011b str\u00e1ven\u00fd \u010das nap\u0159\u00edklad na Instagramu, kter\u00fd to z\u00e1rove\u0148 i zobrazuje a dostanete se k odpov\u011bdi, \u017ee lid\u00ed, kte\u0159\u00ed jsou velkou spoustu \u010dasu na soci\u00e1ln\u00edch s\u00edt\u00edch, je velk\u00e1 spousta. N\u011bkte\u0159\u00ed si sv\u016fj probl\u00e9m uv\u011bdomuj\u00ed moc dob\u0159e a cht\u011bj\u00ed s n\u00edm n\u011bco d\u011blat, proto se tak sna\u017e\u00ed omezit tento \u010das t\u00edm, \u017ee si pomoc\u00ed mobilu nastav\u00ed, kolik by cht\u011bli denn\u011b na ur\u010dit\u00e9 soci\u00e1ln\u00ed s\u00edti str\u00e1vit a jejich za\u0159\u00edzen\u00ed je tak m\u016f\u017ee upozornit, pokud p\u0159esahuj\u00ed danou dobu, kterou si nastav\u00ed. Nicm\u00e9n\u011b i p\u0159es to, \u017ee si toto omezen\u00ed lid\u00e9 nastav\u00ed, se st\u00e1v\u00e1, \u017ee na to neberou ohledy a d\u00e1le na t\u011bchto s\u00edt\u00edch jsou.Nen\u00ed se v\u0161ak \u010demu divit, lid\u00e9 t\u011bmto soci\u00e1ln\u00edm s\u00edt\u00edm zkr\u00e1tka podlehnout, a ne \u017ee by to byla maxim\u00e1ln\u011b jejich chyba, ale m\u016f\u017eeme vinit i samotn\u00e9 soci\u00e1ln\u00ed s\u00edt\u011b. Pro\u010d? Mnoho soci\u00e1ln\u00edch s\u00edt\u00ed samoz\u0159ejm\u011b chce, abychom na nich tr\u00e1vili mnoho \u010dasu, aby z toho m\u011bli lep\u0161\u00ed zisky, proto se tak m\u016f\u017eeme zde setkat s pojmem algoritmus, ten je ka\u017ed\u00e9ho u\u017eivatele jin\u00fd. Tedy ka\u017ed\u00e9mu u\u017eivateli je upraven algoritmus podle toho, co nej\u010dast\u011bji sleduje, zobrazuje, kolik \u010dasu tr\u00e1v\u00ed nad r\u016fzn\u00fdmi t\u00e9maty, to v\u0161e se pak za\u010dne zobrazovat \u010dast\u011bji tak, aby prakticky ka\u017ed\u00e1, nebo sp\u00ed\u0161 naprost\u00e1 v\u011bt\u0161ina v\u011bc\u00ed, udr\u017eela u\u017eivatele na soci\u00e1ln\u00ed s\u00edti o n\u011bco d\u00e9le.Takto se mnoho z n\u00e1s dost\u00e1v\u00e1 do pasti soci\u00e1ln\u00edch s\u00edt\u00ed a \u010dasto nev\u00edme, jak z nich ven.                                                                                                                                                                                                                                                                                                                                                                                                "},{"@context":"https:\/\/schema.org\/","@type":"BreadcrumbList","itemListElement":[{"@type":"ListItem","position":1,"name":"V pasti soci\u00e1ln\u00edch s\u00edt\u00ed","item":"https:\/\/www.framil.cz\/v-pasti-socialnich-siti\/#breadcrumbitem"}]}]