[{"@context":"https:\/\/schema.org\/","@type":"Article","@id":"https:\/\/www.framil.cz\/terasa-u-nemovitosti\/#Article","mainEntityOfPage":"https:\/\/www.framil.cz\/terasa-u-nemovitosti\/","headline":"Terasa u nemovitosti","name":"Terasa u nemovitosti","description":"Hezk\u00e9 po\u010das\u00ed Jako lidstvo celkov\u011b tr\u00e1v\u00edme o dost v\u00edce \u010dasu ve vnit\u0159n\u00edch prostorech, ov\u0161em je p\u0159\u00ednosn\u00e9 kdy\u017e se sna\u017e\u00edme [&hellip;]","datePublished":"2023-07-21","dateModified":"2023-07-21","author":{"@type":"Person","@id":"https:\/\/www.framil.cz\/author\/#Person","name":"","url":"https:\/\/www.framil.cz\/author\/","identifier":1,"image":{"@type":"ImageObject","@id":"https:\/\/secure.gravatar.com\/avatar\/9d25b0af9840660883a67790aa4f595ddc226aa4680c4cf7bc03a25c14fcef85?s=96&d=mm&r=g","url":"https:\/\/secure.gravatar.com\/avatar\/9d25b0af9840660883a67790aa4f595ddc226aa4680c4cf7bc03a25c14fcef85?s=96&d=mm&r=g","height":96,"width":96}},"publisher":{"@type":"Organization","name":"framil.cz","logo":{"@type":"ImageObject","@id":"\/logo.png","url":"\/logo.png","width":600,"height":60}},"image":{"@type":"ImageObject","@id":"https:\/\/www.framil.cz\/wp-content\/uploads\/castle-park-806854_1280.jpg","url":"https:\/\/www.framil.cz\/wp-content\/uploads\/castle-park-806854_1280.jpg","height":0,"width":0},"url":"https:\/\/www.framil.cz\/terasa-u-nemovitosti\/","wordCount":427,"articleBody":"   Hezk\u00e9 po\u010das\u00edJako lidstvo celkov\u011b tr\u00e1v\u00edme o dost v\u00edce \u010dasu ve vnit\u0159n\u00edch prostorech, ov\u0161em je p\u0159\u00ednosn\u00e9 kdy\u017e se sna\u017e\u00edme v\u00edce chodit ven na \u010derstv\u00fd vzduch. P\u0159eci jen m\u016f\u017eeme pracovat mnoho hodin ka\u017ed\u00fd den v pr\u00e1ci v interi\u00e9ru a pak \u0159e\u0161\u00edme je\u0161t\u011b povinnosti doma. Abychom si v\u0161ak pro\u010distili hlavu, tak je v\u00fdhodn\u00e9 ji\u017e t\u0159eba na proch\u00e1zku n\u011bkam, kde je hezky. Samoz\u0159ejm\u011b pobyt venku m\u016f\u017eeme spojit s n\u011bjak\u00fdm sportem, abychom n\u011bco ud\u011blali pro sv\u00e9 zdrav\u00ed. T\u0159eba takov\u00fd b\u011bh m\u016f\u017ee vykon\u00e1vat ka\u017ed\u00fd a nen\u00ed k n\u011bmu zapot\u0159eb\u00ed ani nijak speci\u00e1ln\u00ed vybaven\u00ed. O v\u00edkendu zase m\u016f\u017eeme vyraz\u00ed n\u011bkam do p\u0159\u00edrody s rodinou a poznat tak mnoho n\u00e1dhern\u00fdch m\u00edst. Rozhodn\u011b se v\u0161ak hod\u00ed, kdy\u017e p\u0159ijdeme z pr\u00e1ce dom\u016f a chceme venku jen tak leno\u0161it a odpo\u010d\u00edvat. K tomuto \u00fa\u010delu je vhodn\u00e1 terasa, o proto\u017ee ji m\u016f\u017eeme m\u00edt hned u domu. Samoz\u0159ejm\u011b vyu\u017e\u00edt m\u00e1 \u0161ir\u0161\u00ed, proto\u017ee zde m\u016f\u017eeme tr\u00e1vit \u010das s p\u0159\u00e1teli, nebo sem nat\u00e1hnout \u0161\u0148\u016fry a su\u0161it pr\u00e1dlo.D\u0159ev\u011bn\u00e1 stavbaTerasa m\u016f\u017ee m\u00edt celou \u0159adu podob, p\u0159i\u010dem\u017e \u010dasto jde jen o d\u0159ev\u011bn\u00e9 molo. Tohle \u0159e\u0161en\u00ed umo\u017e\u0148uje u\u017e\u00edvat si slun\u00ed\u010dka naplno, ov\u0161em kdy\u017e p\u0159ijde d\u00e9\u0161\u0165 tak je po u\u017e\u00edv\u00e1n\u00ed. Z prakti\u010dnosti je proto mnohdy lep\u0161\u00ed m\u00edt vy\u0159e\u0161enou i st\u0159echu a takovou rodinnou oslavu nep\u0159eru\u0161\u00ed ani vydatn\u00fd letn\u00ed lij\u00e1k. Stavby tohoto druhu se \u0159e\u0161\u00ed jako d\u0159evostavby, proto\u017ee se snadno stav\u00ed, a nav\u00edc se tento p\u0159\u00edrodn\u00ed materi\u00e1l hod\u00ed klidn\u011b do zahrady. Kdy\u017e budeme cht\u00edt i podlahu ze d\u0159eva, aby n\u00e1m vznikl hezk\u00fd celek, tak je vhodn\u00e9 po\u0159\u00eddit si terasov\u00e9 ter\u010de. D\u00edky nim eliminujeme negativn\u00ed \u00fa\u010dinky nerovn\u00e9 zem\u011b, a p\u0159edev\u0161\u00edm d\u0159evo nebude na vlhku. D\u00e1 se p\u0159ed n\u00edm sice chr\u00e1nit pomoc\u00ed r\u016fzn\u00fdch n\u00e1t\u011br\u016f, ale mnohem lep\u0161\u00ed je, kdy\u017e se vlhk\u00e9mu podkladu vyhneme \u00fapln\u011b. Ter\u010d se d\u00e1 v\u00fd\u0161kov\u011b hezky nastavovat, jak pot\u0159ebujeme, tak\u017ee zem nemus\u00ed b\u00fdt nijak d\u016fkladn\u011b rovn\u00e1. M\u016f\u017eeme vyb\u00edrat z mnoha rozm\u011br\u016f podle toho, jak vysoko nad zem\u00ed terasu pot\u0159ebujeme. Ide\u00e1ln\u00ed je v\u00fd\u0161ka podobn\u00e1 jako podlaha v nemovitosti.                                                                                                                                                                                                                                                                                                                                                                                                  "},{"@context":"https:\/\/schema.org\/","@type":"BreadcrumbList","itemListElement":[{"@type":"ListItem","position":1,"name":"Terasa u nemovitosti","item":"https:\/\/www.framil.cz\/terasa-u-nemovitosti\/#breadcrumbitem"}]}]