[{"@context":"https:\/\/schema.org\/","@type":"Article","@id":"https:\/\/www.framil.cz\/syn-a-mobil\/#Article","mainEntityOfPage":"https:\/\/www.framil.cz\/syn-a-mobil\/","headline":"Syn a mobil","name":"Syn a mobil","description":"Pokud vlastn\u00edte mobiln\u00ed telefon, tak jste to vyhr\u00e1li. Proto\u017ee opravdu mnoho lid\u00ed je\u0161t\u011b dne\u0161n\u00ed dob\u011b nem\u00e1 mobiln\u00ed telefon. A [&hellip;]","datePublished":"2022-07-05","dateModified":"2022-07-05","author":{"@type":"Person","@id":"https:\/\/www.framil.cz\/author\/#Person","name":"","url":"https:\/\/www.framil.cz\/author\/","identifier":1,"image":{"@type":"ImageObject","@id":"https:\/\/secure.gravatar.com\/avatar\/9d25b0af9840660883a67790aa4f595ddc226aa4680c4cf7bc03a25c14fcef85?s=96&d=mm&r=g","url":"https:\/\/secure.gravatar.com\/avatar\/9d25b0af9840660883a67790aa4f595ddc226aa4680c4cf7bc03a25c14fcef85?s=96&d=mm&r=g","height":96,"width":96}},"publisher":{"@type":"Organization","name":"framil.cz","logo":{"@type":"ImageObject","@id":"\/logo.png","url":"\/logo.png","width":600,"height":60}},"image":{"@type":"ImageObject","@id":"https:\/\/www.framil.cz\/wp-content\/uploads\/iphone-gd4c110bd0_1280_3.jpg","url":"https:\/\/www.framil.cz\/wp-content\/uploads\/iphone-gd4c110bd0_1280_3.jpg","height":0,"width":0},"url":"https:\/\/www.framil.cz\/syn-a-mobil\/","about":["Mobil"],"wordCount":411,"articleBody":"Pokud vlastn\u00edte mobiln\u00ed telefon, tak jste to vyhr\u00e1li. Proto\u017ee opravdu mnoho lid\u00ed je\u0161t\u011b dne\u0161n\u00ed dob\u011b nem\u00e1 mobiln\u00ed telefon. A to hlavn\u011b z toho d\u016fvodu, \u017ee je to moc drah\u00e9 anebo potom nemaj\u00ed na kredit anebo aby platili pau\u0161\u00e1l. J\u00e1 na\u0161t\u011bst\u00ed jsem jejich opak, proto\u017ee jsem si mobiln\u00ed telefon u\u017e po\u0159\u00eddila d\u0159\u00edve, a to z druh\u00e9 ruky. Opravdu jsem nem\u011bla na n\u011bjak\u00fd kvalitn\u00ed chytr\u00fd mobiln\u00ed telefon, aby si koupila \u00fapln\u011b nov\u00fd za hotov\u00e9 pen\u00edze. Tak\u017ee jsem si je mobiln\u00ed telefon koupila od jedn\u00e9 zn\u00e1m\u00e9, kter\u00e1 mi dovolila, abych to celou \u010d\u00e1stku zaplatila nat\u0159ikr\u00e1t. Tak\u017ee takhle to bylo pro m\u011b ide\u00e1ln\u00ed a m\u011bla jsem na to pen\u00edze. A opravdu nev\u00edm, co bych d\u011blala, kdyby to zn\u00e1m\u00e1 cht\u011bla mobil zaplatit \u00fapln\u011b cel\u00e9 nar\u00e1z. Nem\u011bla bych na to pen\u00edze. A sice ano, mohla bych si koupit n\u011bjak\u00fd mobiln\u00ed telefon \u00fapln\u011b nov\u00fd, bohu\u017eel pouze s \u00fapln\u011b omezen\u00fdmi schopnostmi a funkcemi.A to jsem necht\u011bla. J\u00e1 m\u00e1m toti\u017e v pr\u00e1ci, kde pot\u0159ebuji taky mobiln\u00ed telefon. Taky moc r\u00e1da fot\u00ed, a proto\u017ee m\u00e1m syna, taky syn si hraje na m\u00e9m mobilu n\u011bjak\u00e9 mobiln\u00ed hry. M\u011b tohle v\u016fbec nevad\u00ed a \u0159\u00edk\u00e1m si, \u017ee i kdybych j\u00e1 byla mal\u00e9 d\u00edt\u011b a moji rodi\u010de m\u011bli skv\u011bl\u00fd mobil, taky bych samoz\u0159ejm\u011b cht\u011bla hr\u00e1t mobiln\u00ed hry na jejich mobiln\u00edm telefonu. A proto jsem takov\u00e1, \u017ee sv\u00e9mu synovi taky tohle dovol\u00edm. M\u016fj syn je velice \u0161ikovn\u00fd a v\u016fbec mobiln\u00ed telefon neni\u010d\u00ed. Taky na mobiln\u00edm telefonu netr\u00e1v\u00ed cel\u00fd den a ani n\u011bkolik hodin, pouze jenom t\u0159eba hodinu. Nevad\u00ed mi to a jsem r\u00e1da, \u017ee se alespo\u0148 se nau\u010d\u00ed n\u011bjak\u00e9 schopnosti na t\u00e9to technice, proto\u017ee mobiln\u00ed telefon je \u00fapln\u011b d\u016fle\u017eit\u00fd pro lidsk\u00fd \u017eivot.\u00a0 A taky ho m\u00e1 u\u017e skoro ka\u017ed\u00fd. L\u00edb\u00ed se mi to, tak\u017ee v\u016fbec nejsem na\u0161tvan\u00e1, \u017ee se o sv\u016fj chytr\u00fd mobiln\u00ed telefon je\u0161t\u011b d\u011bl\u00edm se sv\u00fdm synem. A jak jste na tom vy, mobiln\u00ed\u00a0telefon\u00a0a va\u0161e d\u011bti? Taky si od v\u00e1s\u00a0p\u016fj\u010duj\u00ed\u00a0d\u011bti mobil nebo m\u00e1 ka\u017ed\u00e9 d\u00edt\u011b u\u017e\u00a0sv\u016fj\u00a0mobil? Nebo d\u011btem mobil nedovol\u00edte?\u00a0                                                                                                                                                                                                                                                                                                                                                                                                "},{"@context":"https:\/\/schema.org\/","@type":"BreadcrumbList","itemListElement":[{"@type":"ListItem","position":1,"name":"Syn a mobil","item":"https:\/\/www.framil.cz\/syn-a-mobil\/#breadcrumbitem"}]}]