[{"@context":"https:\/\/schema.org\/","@type":"Article","@id":"https:\/\/www.framil.cz\/skvely-a-hlavne-cenove-dostupny-pronajem-na-chate-je-tu-i-pro-vas\/#Article","mainEntityOfPage":"https:\/\/www.framil.cz\/skvely-a-hlavne-cenove-dostupny-pronajem-na-chate-je-tu-i-pro-vas\/","headline":"Skv\u011bl\u00fd a hlavn\u011b cenov\u011b dostupn\u00fd pron\u00e1jem na chat\u011b je tu i pro v\u00e1s!","name":"Skv\u011bl\u00fd a hlavn\u011b cenov\u011b dostupn\u00fd pron\u00e1jem na chat\u011b je tu i pro v\u00e1s!","description":"Bl\u00ed\u017e\u00ed se doba letn\u00edch pr\u00e1zdnin a vy uva\u017eujete nad t\u00edm, kam letos vyraz\u00edte se svou rodinou? Nenapad\u00e1 v\u00e1s ale [&hellip;]","datePublished":"2024-04-11","dateModified":"2024-04-11","author":{"@type":"Person","@id":"https:\/\/www.framil.cz\/author\/#Person","name":"","url":"https:\/\/www.framil.cz\/author\/","identifier":1,"image":{"@type":"ImageObject","@id":"https:\/\/secure.gravatar.com\/avatar\/9d25b0af9840660883a67790aa4f595ddc226aa4680c4cf7bc03a25c14fcef85?s=96&d=mm&r=g","url":"https:\/\/secure.gravatar.com\/avatar\/9d25b0af9840660883a67790aa4f595ddc226aa4680c4cf7bc03a25c14fcef85?s=96&d=mm&r=g","height":96,"width":96}},"publisher":{"@type":"Organization","name":"framil.cz","logo":{"@type":"ImageObject","@id":"\/logo.png","url":"\/logo.png","width":600,"height":60}},"url":"https:\/\/www.framil.cz\/skvely-a-hlavne-cenove-dostupny-pronajem-na-chate-je-tu-i-pro-vas\/","wordCount":208,"articleBody":"Bl\u00ed\u017e\u00ed se doba letn\u00edch pr\u00e1zdnin a vy uva\u017eujete nad t\u00edm, kam letos vyraz\u00edte se svou rodinou? Nenapad\u00e1 v\u00e1s ale \u017e\u00e1dn\u00e1 vhodn\u00e1 lokalita, kde byste si vy mohli v klidu odpo\u010dinout a relaxovat a kde by si va\u0161e ratolesti u\u017eili spoustu z\u00e1bavy a dobrodru\u017estv\u00ed na \u010derstv\u00e9m vzduchu? Nezoufejte, a nahl\u00e9dn\u011bte do t\u00e9 nejv\u011bt\u0161\u00ed internetov\u00e9 nab\u00eddky, ve kter\u00e9 naleznete \u0161irok\u00e9 spektrum toho nejlep\u0161\u00edho ubytov\u00e1n\u00ed pr\u00e1v\u011b pro v\u00e1s. Nezapomenuteln\u00e1 a hlavn\u011b levn\u00e1 dovolen\u00e1 na chat\u011b je tu p\u0159esn\u011b pro v\u00e1s a celou va\u0161i rodinu.U\u017eijte si svou dovolenou v klidn\u00e9 a p\u0159\u00edrodou obklopen\u00e9 lokalit\u011b!Pokud chcete svou dovolenou str\u00e1vit v n\u011bjak\u00e9 tich\u00e9 a p\u0159\u00edrodou obklopen\u00e9 lokalit\u011b, ale bohu\u017eel nezn\u00e1te \u017e\u00e1dnou, ve kter\u00e9 byste nalezli p\u0159esn\u011b takov\u00e9 ubytov\u00e1n\u00ed, kter\u00e9 by vyhovovalo naprosto v\u0161em va\u0161im po\u017eadavk\u016fm, pak nezoufejte, a prohl\u00e9dn\u011bte si tuto ji\u017e zmi\u0148ovanou internetovou nab\u00eddku, ve kter\u00e9 na v\u00e1s \u010dek\u00e1 ta nejlep\u0161\u00ed a levn\u00e1 dovolen\u00e1 na chat\u011b, a kde si z obs\u00e1hl\u00e9 nab\u00eddky chat vyberete p\u0159esn\u011b takovou, kter\u00e1 v\u00e1m bude vyhovovat svou lokalitou, ale i dostupnou cenou.                                                                                                                                                                                                                                                                                                                                                                                                "},{"@context":"https:\/\/schema.org\/","@type":"BreadcrumbList","itemListElement":[{"@type":"ListItem","position":1,"name":"Skv\u011bl\u00fd a hlavn\u011b cenov\u011b dostupn\u00fd pron\u00e1jem na chat\u011b je tu i pro v\u00e1s!","item":"https:\/\/www.framil.cz\/skvely-a-hlavne-cenove-dostupny-pronajem-na-chate-je-tu-i-pro-vas\/#breadcrumbitem"}]}]