{"@context":"https:\/\/schema.org\/","@type":"CollectionPage","@id":"https:\/\/www.framil.cz\/produkty\/#CollectionPage","headline":"Produkty Category","description":"","url":"https:\/\/www.framil.cz\/produkty\/","hasPart":[{"@type":"Article","@id":"https:\/\/www.framil.cz\/na-volbe-prikryvce-pro-dva-zalezi-stejne-jako-na-volbe-vhodne-matrace\/","headline":"Na volb\u011b p\u0159ikr\u00fdvce pro dva z\u00e1le\u017e\u00ed stejn\u011b, jako na volb\u011b vhodn\u00e9 matrace","url":"https:\/\/www.framil.cz\/na-volbe-prikryvce-pro-dva-zalezi-stejne-jako-na-volbe-vhodne-matrace\/","datePublished":"2022-08-14","dateModified":"2023-04-28","mainEntityOfPage":"https:\/\/www.framil.cz\/na-volbe-prikryvce-pro-dva-zalezi-stejne-jako-na-volbe-vhodne-matrace\/","author":{"@type":"Person","@id":"https:\/\/www.framil.cz\/author\/#Person","name":"","url":"https:\/\/www.framil.cz\/author\/","identifier":1,"image":{"@type":"ImageObject","@id":"https:\/\/secure.gravatar.com\/avatar\/9d25b0af9840660883a67790aa4f595ddc226aa4680c4cf7bc03a25c14fcef85?s=96&d=mm&r=g","url":"https:\/\/secure.gravatar.com\/avatar\/9d25b0af9840660883a67790aa4f595ddc226aa4680c4cf7bc03a25c14fcef85?s=96&d=mm&r=g","height":96,"width":96}},"publisher":{"@type":"Organization","name":"framil.cz","logo":{"@type":"ImageObject","@id":"\/logo.png","url":"\/logo.png","width":600,"height":60}},"image":{"@type":"ImageObject","@id":"https:\/\/www.framil.cz\/wp-content\/uploads\/senior-4723737_640_1.jpg","url":"https:\/\/www.framil.cz\/wp-content\/uploads\/senior-4723737_640_1.jpg","height":0,"width":0},"keywords":null},{"@type":"Article","@id":"https:\/\/www.framil.cz\/klimatizace-domu\/","headline":"Klimatizace dom\u016f","url":"https:\/\/www.framil.cz\/klimatizace-domu\/","datePublished":"2022-08-14","dateModified":"2023-04-28","mainEntityOfPage":"https:\/\/www.framil.cz\/klimatizace-domu\/","author":{"@type":"Person","@id":"https:\/\/www.framil.cz\/author\/#Person","name":"","url":"https:\/\/www.framil.cz\/author\/","identifier":1,"image":{"@type":"ImageObject","@id":"https:\/\/secure.gravatar.com\/avatar\/9d25b0af9840660883a67790aa4f595ddc226aa4680c4cf7bc03a25c14fcef85?s=96&d=mm&r=g","url":"https:\/\/secure.gravatar.com\/avatar\/9d25b0af9840660883a67790aa4f595ddc226aa4680c4cf7bc03a25c14fcef85?s=96&d=mm&r=g","height":96,"width":96}},"publisher":{"@type":"Organization","name":"framil.cz","logo":{"@type":"ImageObject","@id":"\/logo.png","url":"\/logo.png","width":600,"height":60}},"image":{"@type":"ImageObject","@id":"https:\/\/www.framil.cz\/wp-content\/uploads\/landscape-2806202_960_720.jpg","url":"https:\/\/www.framil.cz\/wp-content\/uploads\/landscape-2806202_960_720.jpg","height":0,"width":0},"keywords":null},{"@type":"Article","@id":"https:\/\/www.framil.cz\/kolagen-pro-hezci-plet\/","headline":"Kolagen pro hez\u010d\u00ed ple\u0165","url":"https:\/\/www.framil.cz\/kolagen-pro-hezci-plet\/","datePublished":"2022-08-14","dateModified":"2023-04-28","mainEntityOfPage":"https:\/\/www.framil.cz\/kolagen-pro-hezci-plet\/","author":{"@type":"Person","@id":"https:\/\/www.framil.cz\/author\/#Person","name":"","url":"https:\/\/www.framil.cz\/author\/","identifier":1,"image":{"@type":"ImageObject","@id":"https:\/\/secure.gravatar.com\/avatar\/9d25b0af9840660883a67790aa4f595ddc226aa4680c4cf7bc03a25c14fcef85?s=96&d=mm&r=g","url":"https:\/\/secure.gravatar.com\/avatar\/9d25b0af9840660883a67790aa4f595ddc226aa4680c4cf7bc03a25c14fcef85?s=96&d=mm&r=g","height":96,"width":96}},"publisher":{"@type":"Organization","name":"framil.cz","logo":{"@type":"ImageObject","@id":"\/logo.png","url":"\/logo.png","width":600,"height":60}},"image":{"@type":"ImageObject","@id":"https:\/\/www.framil.cz\/wp-content\/uploads\/woman-g9f73c7992_640_1.png","url":"https:\/\/www.framil.cz\/wp-content\/uploads\/woman-g9f73c7992_640_1.png","height":0,"width":0},"keywords":null},{"@type":"Article","@id":"https:\/\/www.framil.cz\/koronavirus-nezmizel\/","headline":"Koronavirus nezmizel","url":"https:\/\/www.framil.cz\/koronavirus-nezmizel\/","datePublished":"2022-08-12","dateModified":"2023-04-28","mainEntityOfPage":"https:\/\/www.framil.cz\/koronavirus-nezmizel\/","author":{"@type":"Person","@id":"https:\/\/www.framil.cz\/author\/#Person","name":"","url":"https:\/\/www.framil.cz\/author\/","identifier":1,"image":{"@type":"ImageObject","@id":"https:\/\/secure.gravatar.com\/avatar\/9d25b0af9840660883a67790aa4f595ddc226aa4680c4cf7bc03a25c14fcef85?s=96&d=mm&r=g","url":"https:\/\/secure.gravatar.com\/avatar\/9d25b0af9840660883a67790aa4f595ddc226aa4680c4cf7bc03a25c14fcef85?s=96&d=mm&r=g","height":96,"width":96}},"publisher":{"@type":"Organization","name":"framil.cz","logo":{"@type":"ImageObject","@id":"\/logo.png","url":"\/logo.png","width":600,"height":60}},"image":{"@type":"ImageObject","@id":"https:\/\/www.framil.cz\/wp-content\/uploads\/prov%C3%A1d%C4%9Bn%C3%AD%20testu.jpg","url":"https:\/\/www.framil.cz\/wp-content\/uploads\/prov%C3%A1d%C4%9Bn%C3%AD%20testu.jpg","height":0,"width":0},"keywords":null},{"@type":"Article","@id":"https:\/\/www.framil.cz\/i-krasa-je-dulezita\/","headline":"I kr\u00e1sa je d\u016fle\u017eit\u00e1","url":"https:\/\/www.framil.cz\/i-krasa-je-dulezita\/","datePublished":"2022-08-12","dateModified":"2023-11-13","mainEntityOfPage":"https:\/\/www.framil.cz\/i-krasa-je-dulezita\/","author":{"@type":"Person","@id":"https:\/\/www.framil.cz\/author\/#Person","name":"","url":"https:\/\/www.framil.cz\/author\/","identifier":1,"image":{"@type":"ImageObject","@id":"https:\/\/secure.gravatar.com\/avatar\/9d25b0af9840660883a67790aa4f595ddc226aa4680c4cf7bc03a25c14fcef85?s=96&d=mm&r=g","url":"https:\/\/secure.gravatar.com\/avatar\/9d25b0af9840660883a67790aa4f595ddc226aa4680c4cf7bc03a25c14fcef85?s=96&d=mm&r=g","height":96,"width":96}},"publisher":{"@type":"Organization","name":"framil.cz","logo":{"@type":"ImageObject","@id":"\/logo.png","url":"\/logo.png","width":600,"height":60}},"image":{"@type":"ImageObject","@id":"https:\/\/www.framil.cz\/wp-content\/uploads\/vajicka_v_trave_e2cVjD.jpg","url":"https:\/\/www.framil.cz\/wp-content\/uploads\/vajicka_v_trave_e2cVjD.jpg","height":0,"width":0},"keywords":null},{"@type":"Article","@id":"https:\/\/www.framil.cz\/zazracna-ketodieta\/","headline":"Z\u00e1zra\u010dn\u00e1 ketodieta","url":"https:\/\/www.framil.cz\/zazracna-ketodieta\/","datePublished":"2019-08-16","dateModified":"2019-08-16","mainEntityOfPage":"https:\/\/www.framil.cz\/zazracna-ketodieta\/","author":{"@type":"Person","@id":"https:\/\/www.framil.cz\/author\/#Person","name":"","url":"https:\/\/www.framil.cz\/author\/","identifier":1,"image":{"@type":"ImageObject","@id":"https:\/\/secure.gravatar.com\/avatar\/9d25b0af9840660883a67790aa4f595ddc226aa4680c4cf7bc03a25c14fcef85?s=96&d=mm&r=g","url":"https:\/\/secure.gravatar.com\/avatar\/9d25b0af9840660883a67790aa4f595ddc226aa4680c4cf7bc03a25c14fcef85?s=96&d=mm&r=g","height":96,"width":96}},"publisher":{"@type":"Organization","name":"framil.cz","logo":{"@type":"ImageObject","@id":"\/logo.png","url":"\/logo.png","width":600,"height":60}},"image":{"@type":"ImageObject","@id":"https:\/\/www.framil.cz\/wp-content\/uploads\/img_a352258_w3784_t1566817529.jpg","url":"https:\/\/www.framil.cz\/wp-content\/uploads\/img_a352258_w3784_t1566817529.jpg","height":0,"width":0},"keywords":null}]}