[{"@context":"https:\/\/schema.org\/","@type":"Article","@id":"https:\/\/www.framil.cz\/nebojim-se-zubare\/#Article","mainEntityOfPage":"https:\/\/www.framil.cz\/nebojim-se-zubare\/","headline":"Neboj\u00edm se zuba\u0159e.","name":"Neboj\u00edm se zuba\u0159e.","description":"Kvalitn\u00ed o\u0161et\u0159en\u00ed, kdy se nemus\u00edte sv\u00e9ho zuba\u0159e b\u00e1t? Pokud si chcete nav\u00edc p\u0159ipadat skv\u011ble a neb\u00e1t se, tak zav\u00edtejte [&hellip;]","datePublished":"2022-12-12","dateModified":"2023-04-28","author":{"@type":"Person","@id":"https:\/\/www.framil.cz\/author\/#Person","name":"","url":"https:\/\/www.framil.cz\/author\/","identifier":1,"image":{"@type":"ImageObject","@id":"https:\/\/secure.gravatar.com\/avatar\/9d25b0af9840660883a67790aa4f595ddc226aa4680c4cf7bc03a25c14fcef85?s=96&d=mm&r=g","url":"https:\/\/secure.gravatar.com\/avatar\/9d25b0af9840660883a67790aa4f595ddc226aa4680c4cf7bc03a25c14fcef85?s=96&d=mm&r=g","height":96,"width":96}},"publisher":{"@type":"Organization","name":"framil.cz","logo":{"@type":"ImageObject","@id":"\/logo.png","url":"\/logo.png","width":600,"height":60}},"image":{"@type":"ImageObject","@id":"https:\/\/www.framil.cz\/wp-content\/uploads\/doctor-gfd92ba247_640.jpg","url":"https:\/\/www.framil.cz\/wp-content\/uploads\/doctor-gfd92ba247_640.jpg","height":0,"width":0},"url":"https:\/\/www.framil.cz\/nebojim-se-zubare\/","about":["Business"],"wordCount":469,"articleBody":"      Kvalitn\u00ed o\u0161et\u0159en\u00ed, kdy se nemus\u00edte sv\u00e9ho zuba\u0159e b\u00e1t? Pokud si chcete nav\u00edc p\u0159ipadat skv\u011ble a neb\u00e1t se, tak zav\u00edtejte rozhodn\u011b je\u0161t\u011b dnes pr\u00e1v\u011b k n\u00e1m! Kdo r\u00e1d chod\u00ed ke sv\u00e9mu zuba\u0159i? V dne\u0161n\u00ed modern\u00ed a usp\u011bchan\u00e9 dob\u011b je tomu st\u00e1le tak, \u017ee mnoho lid\u00ed nerado chod\u00ed ke sv\u00e9mu zuba\u0159i. Pokud tedy nemus\u00edte a netr\u00e1p\u00ed je velk\u00e1 bolest, tak se pr\u00e1v\u011b tomuto m\u00edstu rad\u011bji velmi rychle a r\u00e1di vyhnou. Jenom\u017ee nen\u00ed to \u0161koda? B\u00e1t se n\u011b\u010deho nebo snad dokonce n\u011bkoho kdo v\u00e1m chce jen pomoci? Hr\u016fzu z b\u00edl\u00fdch pl\u00e1\u0161\u0165\u016f maj\u00ed jak mu\u017ei, tak i \u017eeny. Skoro a\u017e omdl\u00e9vaj\u00ed v \u010dek\u00e1rn\u011b jen p\u0159i pomy\u0161len\u00ed, \u017ee z\u00e1krok bude natolik bolestiv\u00fd, \u017ee jim nepom\u016f\u017ee rozhodn\u011b \u017e\u00e1dn\u00e1 injekce proti bolesti. Ji\u017e od mala si tvo\u0159\u00edme sv\u016fj sv\u011bt, a pokud nav\u00edc m\u00e1me nemil\u00e9 zku\u0161enosti pr\u00e1v\u011b s t\u00edmto doktorem, tak jsme schopn\u00ed si tento nemil\u00fd z\u00e1\u017eitek n\u00e9st a\u017e do sv\u00e9ho dosp\u011bl\u00e9ho \u017eivota. Proto je pot\u0159eba s t\u00edm n\u011bco d\u011blat, abychom tak ned\u00e1vali na\u0161im d\u011btem stejn\u00fd pocit, kter\u00fd jsme p\u0159ed n\u011bkolika lety museli za\u017e\u00edt my. Pakli\u017ee se nebudeme b\u00e1t a vybereme jim nav\u00edc skv\u011bl\u00e9ho zuba\u0159e, tak i ony budou spokojen\u00e9 a p\u0159ekonaj\u00ed jak\u00fdkoliv strach. Jako rodi\u010de jsme pro n\u011b velk\u00fdm vzorem jak v tom dobr\u00e9m, tak i v tom \u0161patn\u00e9m, kter\u00e9 si mnohdy ani neuv\u011bdomujeme. Mal\u00e9 d\u011bti jsou odrazem na\u0161eho chov\u00e1n\u00ed a n\u011bkdy n\u00e1s to dokonce m\u016f\u017ee a\u017e zarazit. Na\u0161e stomatologie praha je tou pravou volbou.Jestli\u017ee jste m\u011bli do dne\u0161n\u00edho dne zuba\u0159e, kter\u00fd na v\u00e1s byl, jakkoliv nep\u0159\u00edjemn\u00fd a vy jste se museli b\u00e1t, tak ho rozhodn\u011b vym\u011b\u0148te! U n\u00e1s v\u00e1s p\u0159ejdou strachy a obavy, nav\u00edc uvid\u00edte, \u017ee v\u0161e jde zvl\u00e1dnout v klidu. Nebo snad v\u00edte o n\u011bkom, komu byste rozhodn\u011b mohli je\u0161t\u011b dnes pomoci? Pot\u0159ebuje opravit zub nebo dent\u00e1ln\u00ed hygienu, kter\u00e1 by mu tak rozz\u00e1\u0159ila jeho dosavadn\u00ed \u00fasm\u011bv? Tak ho odka\u017ete pr\u00e1v\u011b k n\u00e1m a uvid\u00edte, \u017ee bude r\u00e1d. Na na\u0161ich str\u00e1nk\u00e1ch si m\u016f\u017eete nav\u00edc pro\u010d\u00edst informace, kter\u00e9 v\u00e1s zaj\u00edmaj\u00ed nebo pokud m\u00e1te jak\u00fdkoliv dotaz tak se n\u00e1m zajist\u00e9 m\u016f\u017eete ozvat. T\u011b\u0161\u00edme se ji\u017e dnes na va\u0161e dotazy ohledn\u011b vy\u0161et\u0159en\u00ed, kter\u00e9 rozhodn\u011b stoj\u00ed za to!                                                                                                                                                                                                                                                                                                                                                                                                  "},{"@context":"https:\/\/schema.org\/","@type":"BreadcrumbList","itemListElement":[{"@type":"ListItem","position":1,"name":"Neboj\u00edm se zuba\u0159e.","item":"https:\/\/www.framil.cz\/nebojim-se-zubare\/#breadcrumbitem"}]}]