[{"@context":"https:\/\/schema.org\/","@type":"Article","@id":"https:\/\/www.framil.cz\/kam-zavitat-v-podkrkonosi\/#Article","mainEntityOfPage":"https:\/\/www.framil.cz\/kam-zavitat-v-podkrkonosi\/","headline":"Kam zav\u00edtat v Podkrkono\u0161\u00ed","name":"Kam zav\u00edtat v Podkrkono\u0161\u00ed","description":"Turistick\u00e1 oblast Podkrkono\u0161\u00ed je sou\u010d\u00e1st\u00ed turistick\u00e9ho regionu Krkono\u0161e a Podkrkono\u0161\u00ed. Jak z\u00a0n\u00e1zvu vypl\u00fdv\u00e1, jedn\u00e1 se o podh\u016f\u0159\u00ed Krkono\u0161, tud\u00ed\u017e [&hellip;]","datePublished":"2025-02-23","dateModified":"2025-02-23","author":{"@type":"Person","@id":"https:\/\/www.framil.cz\/author\/#Person","name":"","url":"https:\/\/www.framil.cz\/author\/","identifier":1,"image":{"@type":"ImageObject","@id":"https:\/\/secure.gravatar.com\/avatar\/9d25b0af9840660883a67790aa4f595ddc226aa4680c4cf7bc03a25c14fcef85?s=96&d=mm&r=g","url":"https:\/\/secure.gravatar.com\/avatar\/9d25b0af9840660883a67790aa4f595ddc226aa4680c4cf7bc03a25c14fcef85?s=96&d=mm&r=g","height":96,"width":96}},"publisher":{"@type":"Organization","name":"framil.cz","logo":{"@type":"ImageObject","@id":"\/logo.png","url":"\/logo.png","width":600,"height":60}},"image":{"@type":"ImageObject","@id":"https:\/\/www.framil.cz\/wp-content\/uploads\/img_a301599_w2109_t1511696623.jpg","url":"https:\/\/www.framil.cz\/wp-content\/uploads\/img_a301599_w2109_t1511696623.jpg","height":0,"width":0},"url":"https:\/\/www.framil.cz\/kam-zavitat-v-podkrkonosi\/","wordCount":441,"articleBody":"Turistick\u00e1 oblast Podkrkono\u0161\u00ed je sou\u010d\u00e1st\u00ed turistick\u00e9ho regionu Krkono\u0161e a Podkrkono\u0161\u00ed. Jak z\u00a0n\u00e1zvu vypl\u00fdv\u00e1, jedn\u00e1 se o podh\u016f\u0159\u00ed Krkono\u0161, tud\u00ed\u017e se zde nach\u00e1z\u00ed ji\u017e m\u00edrn\u011bj\u0161\u00ed i strm\u011bj\u0161\u00ed kope\u010dky a je to ide\u00e1ln\u00ed oblast pro turistiku a cykloturistiku, i pro milovn\u00edky kultury. Ka\u017ed\u00fd si tu p\u0159ijde na sv\u00e9. Pam\u00e1tek je zde bezpo\u010det a najdete zde i dostatek vy\u017eit\u00ed pro mal\u00e9 i v\u011bt\u0161\u00ed d\u011bti. Jmenujme si alespo\u0148 ty nejd\u016fle\u017eit\u011bj\u0161\u00ed a nejzn\u00e1m\u011bj\u0161\u00ed.\tObl\u00edben\u00e9 c\u00edle v\u00a0Podkrkono\u0161\u00ed\u00b7\u00a0\u00a0\u00a0\u00a0\u00a0\u00a0\u00a0\u00a0 Dv\u016fr Kr\u00e1lov\u00e9 nad LabemM\u011bsto je asi nejzn\u00e1m\u011bj\u0161\u00ed d\u00edky ZOO sv\u011btov\u00e9ho v\u00fdznamu. Hlavn\u00ed atrakc\u00ed v\u00a0n\u00ed je velk\u00e9 safari, kter\u00e9 lze projet ve vlastn\u00edch autech, safaribusech nebo elektromobilech. Sou\u010d\u00e1st\u00ed ZOO je i Safarikemp, kde se lze ubytovat ve vlastn\u00edch stanech, bungalovech nebo domech ve v\u011btv\u00edch strom\u016f. M\u016f\u017ee to b\u00fdt ide\u00e1ln\u00ed v\u00fdchoz\u00ed bod pro Va\u0161e v\u00fdlety do okol\u00ed a kr\u00e1sn\u00e9 a tak trochu dobrodru\u017en\u00e9 prost\u0159ed\u00ed pro d\u011bti. Ve Dvo\u0159e se nach\u00e1z\u00ed tak\u00e9 mnoho stavebn\u00edch pam\u00e1tek.\u00b7\u00a0\u00a0\u00a0\u00a0\u00a0\u00a0\u00a0\u00a0 P\u0159ehrada Les Kr\u00e1lovstv\u00edNach\u00e1z\u00ed se nedaleko Dvora Kr\u00e1lov\u00e9 a je ide\u00e1ln\u00edm c\u00edlem pro p\u011b\u0161\u00ed turistiku. Jej\u00ed romantick\u00fd a poh\u00e1dkov\u00fd vzhled l\u00e1k\u00e1 zamilovan\u00e9 a rodiny s\u00a0d\u011btmi. Ob\u010derstven\u00ed zaji\u0161t\u011bno.\u00b7\u00a0\u00a0\u00a0\u00a0\u00a0\u00a0\u00a0\u00a0 L\u00e1zn\u011b B\u011blohradA\u0165 si ji\u017e chcete odpo\u010dinout v\u00a0l\u00e1zn\u00edch nebo jen vyrazit na v\u00fdlet, B\u011blohrad V\u00e1s jist\u011b uspokoj\u00ed. Kr\u00e1sn\u00e1 je proch\u00e1zka kolem rybn\u00edka Pardoubek, kter\u00fd je lemov\u00e1n h\u0159i\u0161ti a d\u0159ev\u011bn\u00fdmi sochami nebo l\u00e1ze\u0148sk\u00fdm parkem zvan\u00fdm Ba\u017eantnice.\u00b7\u00a0\u00a0\u00a0\u00a0\u00a0\u00a0\u00a0\u00a0 Hospital KuksAsi nejzn\u00e1m\u011bj\u0161\u00ed a nejnav\u0161t\u011bvovan\u011bj\u0161\u00ed pam\u00e1tka v\u00a0regionu. Barokn\u00ed pam\u00e1tka pro\u0161la rozs\u00e1hlou rekonstrukc\u00ed a kon\u00e1 se zde cel\u00fd rok mnoho akc\u00ed. M\u016f\u017eete si tam dojet i vlakem a proj\u00edt se do nedalek\u00e9ho Braunova Betl\u00e9ma. Je zn\u00e1m\u00fd sochami Maty\u00e1\u0161e Brauna, kter\u00e9 zn\u00e1zor\u0148uj\u00ed ctnosti a ne\u0159esti a jejich origin\u00e1ly m\u016f\u017eete obdivovat v\u00a0m\u00edstn\u00edm lapid\u00e1riu.\u00b7\u00a0\u00a0\u00a0\u00a0\u00a0\u00a0\u00a0\u00a0 Braun\u016fv Betl\u00e9mKomplex plastik a reli\u00e9f\u016f od Maty\u00e1\u0161e Brauna, kter\u00fd se\u00a0nach\u00e1z\u00ed v lese asi 3 km od Kuksu. Vede k\u00a0n\u011bmu nau\u010dn\u00e1 stezka. Poch\u00e1z\u00ed z\u00a01. poloviny 18. Stolet\u00ed.\u00b7\u00a0\u00a0\u00a0\u00a0\u00a0\u00a0\u00a0\u00a0 Ho\u0159iceM\u011bsto kamenn\u00e9 kr\u00e1sy se spoustou soch na vrchu Gothard, kr\u00e1sn\u00fdm h\u0159bitovn\u00edm port\u00e1lem a vyhl\u00eddkovou v\u011b\u017e\u00ed \u2013 Masarykova v\u011b\u017e samostatnosti.\u00b7\u00a0\u00a0\u00a0\u00a0\u00a0\u00a0\u00a0\u00a0 Hrad Pecka                                                                                                                                                                                                                                                                                                                                                                                                "},{"@context":"https:\/\/schema.org\/","@type":"BreadcrumbList","itemListElement":[{"@type":"ListItem","position":1,"name":"Kam zav\u00edtat v Podkrkono\u0161\u00ed","item":"https:\/\/www.framil.cz\/kam-zavitat-v-podkrkonosi\/#breadcrumbitem"}]}]