[{"@context":"https:\/\/schema.org\/","@type":"Article","@id":"https:\/\/www.framil.cz\/jsme-radi-ze-jsme-vase-rozhodnuti-uspisili\/#Article","mainEntityOfPage":"https:\/\/www.framil.cz\/jsme-radi-ze-jsme-vase-rozhodnuti-uspisili\/","headline":"Jsme r\u00e1di, \u017ee jsme va\u0161e rozhodnut\u00ed usp\u00ed\u0161ili","name":"Jsme r\u00e1di, \u017ee jsme va\u0161e rozhodnut\u00ed usp\u00ed\u0161ili","description":"Mo\u017en\u00e1 jste je\u0161t\u011b nem\u011bli v pl\u00e1nu \u017e\u00e1dat svoji milou o ruku a p\u0159em\u00fd\u0161let o z\u00e1snub\u00e1ch, ale kdy\u017e jste nahl\u00e9dli [&hellip;]","datePublished":"2024-11-10","dateModified":"2024-11-10","author":{"@type":"Person","@id":"https:\/\/www.framil.cz\/author\/#Person","name":"","url":"https:\/\/www.framil.cz\/author\/","identifier":1,"image":{"@type":"ImageObject","@id":"https:\/\/secure.gravatar.com\/avatar\/9d25b0af9840660883a67790aa4f595ddc226aa4680c4cf7bc03a25c14fcef85?s=96&d=mm&r=g","url":"https:\/\/secure.gravatar.com\/avatar\/9d25b0af9840660883a67790aa4f595ddc226aa4680c4cf7bc03a25c14fcef85?s=96&d=mm&r=g","height":96,"width":96}},"publisher":{"@type":"Organization","name":"framil.cz","logo":{"@type":"ImageObject","@id":"\/logo.png","url":"\/logo.png","width":600,"height":60}},"url":"https:\/\/www.framil.cz\/jsme-radi-ze-jsme-vase-rozhodnuti-uspisili\/","wordCount":180,"articleBody":"Mo\u017en\u00e1 jste je\u0161t\u011b nem\u011bli v pl\u00e1nu \u017e\u00e1dat svoji milou o ruku a p\u0159em\u00fd\u0161let o z\u00e1snub\u00e1ch, ale kdy\u017e jste nahl\u00e9dli do na\u0161eho katalogu p\u0159ekr\u00e1sn\u00fdch \u0161perk\u016f &#8211; z\u00e1snubn\u00edch prsten\u016f &#8211; bylo rozhodnuto. V\u011b\u0159te tomu, \u017ee va\u0161e odhodl\u00e1n\u00ed bude va\u0161\u00ed partnerkou ur\u010dit\u011b pln\u011b akceptov\u00e1no, zvl\u00e1\u0161t\u011b tehdy, kdy\u017e ji p\u0159ekvap\u00edte n\u00e1dhern\u00fdm zlat\u00fdm \u0161perkem, kter\u00fd bude origin\u00e1ln\u00ed ka\u017ed\u00fdm coulem, nebo\u0165 bude vyroben s l\u00e1skou a umem poctiv\u00e9 ru\u010dn\u00ed pr\u00e1ce um\u011bleck\u00fdch \u0159emesln\u00edk\u016f.Online nebo n\u00e1v\u0161t\u011bvou na\u0161eho obchodu V\u017edy pro v\u00e1s m\u00e1me p\u0159ipravenu bohatou nab\u00eddku a bohat\u00fd v\u00fdb\u011br krou\u017ek\u016f v\u010detn\u011b nov\u00e9 kolekce, kter\u00e1 je ke zhl\u00e9dnut\u00ed v na\u0161em online katalogu na webov\u00fdch str\u00e1nk\u00e1ch. Pravd\u011bpodobn\u011b si budete dok\u00e1zat vybrat p\u0159\u00edmo z tohoto katalogu. Pokud v\u0161ak d\u00e1v\u00e1te p\u0159ednost osobn\u00edmu v\u00fdb\u011bru a kontaktu, r\u00e1di v\u00e1s uvid\u00edme.                                                                                                                                                                                                                                                                                                                                                                                                "},{"@context":"https:\/\/schema.org\/","@type":"BreadcrumbList","itemListElement":[{"@type":"ListItem","position":1,"name":"Jsme r\u00e1di, \u017ee jsme va\u0161e rozhodnut\u00ed usp\u00ed\u0161ili","item":"https:\/\/www.framil.cz\/jsme-radi-ze-jsme-vase-rozhodnuti-uspisili\/#breadcrumbitem"}]}]