[{"@context":"https:\/\/schema.org\/","@type":"Article","@id":"https:\/\/www.framil.cz\/i-pro-vas-mame-prichystane-reseni\/#Article","mainEntityOfPage":"https:\/\/www.framil.cz\/i-pro-vas-mame-prichystane-reseni\/","headline":"I pro v\u00e1s m\u00e1me p\u0159ichystan\u00e9 \u0159e\u0161en\u00ed","name":"I pro v\u00e1s m\u00e1me p\u0159ichystan\u00e9 \u0159e\u0161en\u00ed","description":"Na ka\u017ed\u00fd probl\u00e9m existuje vhodn\u00e9 \u0159e\u0161en\u00ed. Lidsk\u00fdm neduhem je v\u0161ak \u010dasto ignorov\u00e1n\u00ed v\u00e1\u017enosti stavu a nech\u00e1n\u00ed probl\u00e9mu voln\u00fd prostor [&hellip;]","datePublished":"2024-10-22","dateModified":"2024-10-22","author":{"@type":"Person","@id":"https:\/\/www.framil.cz\/author\/#Person","name":"","url":"https:\/\/www.framil.cz\/author\/","identifier":1,"image":{"@type":"ImageObject","@id":"https:\/\/secure.gravatar.com\/avatar\/9d25b0af9840660883a67790aa4f595ddc226aa4680c4cf7bc03a25c14fcef85?s=96&d=mm&r=g","url":"https:\/\/secure.gravatar.com\/avatar\/9d25b0af9840660883a67790aa4f595ddc226aa4680c4cf7bc03a25c14fcef85?s=96&d=mm&r=g","height":96,"width":96}},"publisher":{"@type":"Organization","name":"framil.cz","logo":{"@type":"ImageObject","@id":"\/logo.png","url":"\/logo.png","width":600,"height":60}},"url":"https:\/\/www.framil.cz\/i-pro-vas-mame-prichystane-reseni\/","wordCount":252,"articleBody":"Na ka\u017ed\u00fd probl\u00e9m existuje vhodn\u00e9 \u0159e\u0161en\u00ed. Lidsk\u00fdm neduhem je v\u0161ak \u010dasto ignorov\u00e1n\u00ed v\u00e1\u017enosti stavu a nech\u00e1n\u00ed probl\u00e9mu voln\u00fd prostor k nakyp\u011bn\u00ed, r\u016fstu. A tak nej\u010dast\u011bji tak\u00e9 vznik\u00e1 insolvence, neschopnost spl\u00e1cet sv\u00e9 z\u00e1vazky. To m\u016f\u017ee v\u00e9st a\u017e k zabaven\u00ed va\u0161eho majetku, v podstat\u011b rozprod\u00e1n\u00ed va\u0161eho \u017eivota, v\u0161eho, co m\u00e1te. A\u017e tam to chcete nechat zaj\u00edt? A\u017e takhle hluboko chcete klesnout? Jist\u011b, \u017ee nechcete! Vy chcete z tohoto bludn\u00e9ho kruhu pry\u010d, vy chcete m\u00edt zase sv\u016fj \u017eivot jen a pouze ve sv\u00fdch vlastn\u00edch rukou! Kontaktujte n\u00e1s a dok\u00e1\u017eete to!Vyu\u017eijte na\u0161ich slu\u017eeb, navr\u00e1t\u00edme v\u00e1s do norm\u00e1ln\u00edho \u017eivotaV hlav\u011b \u010dlov\u011bka, kter\u00fd nen\u00ed schopn\u00fd dost\u00e1t sv\u00fdm v\u011b\u0159itel\u016fm se jist\u011b m\u00edhaj\u00ed r\u016fzn\u00e9 my\u0161lenky. Co by bylo, kdyby si nevzal onu osudnou p\u016fj\u010dku, co by bylo, kdyby jeho z\u00e1kazn\u00edci v\u010das platili faktury, kter\u00e9 jim vystavil a tak d\u00e1le. Na kdyby se ale nikdo pt\u00e1t nebude, d\u016fle\u017eit\u00e9 je um\u011bn\u00ed naj\u00edt odpov\u00eddaj\u00edc\u00ed \u0159e\u0161en\u00ed, kter\u00e9 by zcela nezni\u010dilo cel\u00fd v\u00e1\u0161 dosavadn\u00ed \u017eivot. A to my v\u00e1m pom\u016f\u017eeme naj\u00edt, proto\u017ee m\u00e1me velk\u00e9 mno\u017estv\u00ed zku\u0161enost\u00ed s \u0159e\u0161en\u00edm takov\u00fdchto situac\u00ed a v\u00edme, co z\u00e1kon umo\u017e\u0148uje pro va\u0161i ochranu.                                                                                                                                                                                                                                                                                                                                                                                                "},{"@context":"https:\/\/schema.org\/","@type":"BreadcrumbList","itemListElement":[{"@type":"ListItem","position":1,"name":"I pro v\u00e1s m\u00e1me p\u0159ichystan\u00e9 \u0159e\u0161en\u00ed","item":"https:\/\/www.framil.cz\/i-pro-vas-mame-prichystane-reseni\/#breadcrumbitem"}]}]