[{"@context":"https:\/\/schema.org\/","@type":"Article","@id":"https:\/\/www.framil.cz\/chcete-vkusnou-mikinu\/#Article","mainEntityOfPage":"https:\/\/www.framil.cz\/chcete-vkusnou-mikinu\/","headline":"Chcete vkusnou mikinu?","name":"Chcete vkusnou mikinu?","description":"Pokud byste cht\u011bli mikinu, kter\u00e1 vypad\u00e1 dob\u0159e a ve kter\u00e9 se budete hlavn\u011b dob\u0159e c\u00edtit, proto\u017ee to je na [&hellip;]","datePublished":"2022-08-20","dateModified":"2023-04-28","author":{"@type":"Person","@id":"https:\/\/www.framil.cz\/author\/#Person","name":"","url":"https:\/\/www.framil.cz\/author\/","identifier":1,"image":{"@type":"ImageObject","@id":"https:\/\/secure.gravatar.com\/avatar\/9d25b0af9840660883a67790aa4f595ddc226aa4680c4cf7bc03a25c14fcef85?s=96&d=mm&r=g","url":"https:\/\/secure.gravatar.com\/avatar\/9d25b0af9840660883a67790aa4f595ddc226aa4680c4cf7bc03a25c14fcef85?s=96&d=mm&r=g","height":96,"width":96}},"publisher":{"@type":"Organization","name":"framil.cz","logo":{"@type":"ImageObject","@id":"\/logo.png","url":"\/logo.png","width":600,"height":60}},"image":{"@type":"ImageObject","@id":"https:\/\/www.framil.cz\/wp-content\/uploads\/mikiny.png","url":"https:\/\/www.framil.cz\/wp-content\/uploads\/mikiny.png","height":0,"width":0},"url":"https:\/\/www.framil.cz\/chcete-vkusnou-mikinu\/","about":["Produkty"],"wordCount":415,"articleBody":"   Pokud byste cht\u011bli mikinu, kter\u00e1 vypad\u00e1 dob\u0159e a ve kter\u00e9 se budete hlavn\u011b dob\u0159e c\u00edtit, proto\u017ee to je na tom v\u0161em to hlavn\u00ed, m\u011bli byste se pod\u00edvat na kari traa mikiny. Kari traa je zna\u010dka, kter\u00e1 nab\u00edz\u00ed velmi vkusn\u00e9 mikiny, kter\u00e9 si mohou zakoupit jak mlad\u00ed, tak i star\u0161\u00ed lid\u00e9. Ka\u017ed\u00fd si jist\u011b najde n\u011bco, v \u010dem by se mu mohlo dob\u0159e fungovat a to i vy. Zakupte si n\u011bco, co bude nejen vkusn\u00e9, ale tak\u00e9 v\u00e1m bude v dan\u00e9 mikin\u011b teplo.Lid\u00e9 jsou zvykl\u00ed nosit mikiny na ja\u0159e nebo na podzim a pr\u00e1v\u011b z toho d\u016fvodu je vhodn\u00e9, aby dan\u00e1 mikina byla dostate\u010dn\u011b tepl\u00e1, aby dan\u00fd \u010dlov\u011bk neprochladl a ve v\u00fdsledku je\u0161t\u011b nebyl nemocn\u00fd. Bohu\u017eel se n\u011bco takov\u00e9ho st\u00e1v\u00e1 velmi \u010dasto a je to pr\u00e1v\u011b t\u00edm, \u017ee je mikina vyrobena z nevhodn\u00e9ho materi\u00e1lu, kter\u00fd \u010dlov\u011bka v dob\u011b, kdy je to pot\u0159eba, nezah\u0159eje. Ur\u010dit\u011b byste ud\u011blali jen dob\u0159e, pokud byste se n\u011b\u010demu takov\u00e9mu vyhnuli.V\u011b\u0159\u00edme, \u017ee vkusnou mikinu si i vy m\u016f\u017eete zakoupit, sta\u010d\u00ed si jen naj\u00edt dan\u00e9 mikiny a pod\u00edvat se, co v\u0161echno v\u00e1m m\u016f\u017ee dan\u00e1 str\u00e1nka poskytnout. Je ur\u010dit\u011b dobr\u00e9 zam\u011b\u0159it se nejen na to, jak dan\u00e1 mikina p\u016fsob\u00ed, ale tak\u00e9 na velikosti, aby se v\u00e1m nestalo, \u017ee budete m\u00edt \u0161patnou velikost mikiny a nebudete j\u00ed tak moct nosit, proto\u017ee v\u00e1m bude mal\u00e1 nebo naopak p\u0159\u00edli\u0161 velk\u00e1.\u010clov\u011bku n\u011bkdy nezbyde nic jin\u00e9ho, ne\u017e reklamace, ale v\u0161em komplikac\u00edm se d\u00e1 dnes vyhnout a to i n\u011b\u010demu takov\u00e9mu. Sta\u010d\u00ed si jen dan\u00e9 v\u011bci ohl\u00eddat. N\u011bco takov\u00e9ho jde na \u0161t\u011bst\u00ed velmi snadno. M\u011bjte i vy mikinu, kterou si na sebe budete moct vz\u00edt kdykoliv to bude pot\u0159eba. V\u011b\u0159\u00edme, \u017ee se najde n\u011bco, co si z\u00edsk\u00e1 va\u0161i pozornost a v \u010dem byste se mohli c\u00edtit dob\u0159e.Ud\u011blejte si radost novou mikinou, kter\u00e1 bude od zna\u010dky Kari traa. Ud\u011bl\u00e1te dobr\u00e9 rozhodnut\u00ed, pokud byste ud\u011blali zm\u011bnu a zkusili pro jednou zna\u010dku, kterou nap\u0159\u00edklad nezn\u00e1te. \u010clov\u011bk si tak ud\u011bl\u00e1 p\u0159ehled o kvalit\u011b zbo\u017e\u00ed jin\u00fdch zna\u010dek, co\u017e n\u011bkdy nen\u00ed na \u0161kodu.                                                                                                                                                                                                                                                                                                                                                                                                  "},{"@context":"https:\/\/schema.org\/","@type":"BreadcrumbList","itemListElement":[{"@type":"ListItem","position":1,"name":"Chcete vkusnou mikinu?","item":"https:\/\/www.framil.cz\/chcete-vkusnou-mikinu\/#breadcrumbitem"}]}]